{"id":95,"date":"2025-08-23T20:25:17","date_gmt":"2025-08-23T20:25:17","guid":{"rendered":"https:\/\/my-w-trek.be\/?p=95"},"modified":"2026-02-22T15:24:42","modified_gmt":"2026-02-22T15:24:42","slug":"slapen-in-w-trek-refugios-dit-kun-je-verwachten","status":"publish","type":"post","link":"https:\/\/my-w-trek.be\/?p=95","title":{"rendered":"Slapen in W Trek refugios: dit kun je verwachten"},"content":{"rendered":"\t\t<div data-elementor-type=\"wp-post\" data-elementor-id=\"95\" class=\"elementor elementor-95\">\n\t\t\t\t<div class=\"elementor-element elementor-element-008be8a e-flex e-con-boxed e-con e-parent\" data-id=\"008be8a\" data-element_type=\"container\" data-e-type=\"container\">\n\t\t\t\t\t<div class=\"e-con-inner\">\n\t\t\t\t<div class=\"elementor-element elementor-element-ce7abc7 elementor-widget elementor-widget-text-editor\" data-id=\"ce7abc7\" data-element_type=\"widget\" data-e-type=\"widget\" data-widget_type=\"text-editor.default\">\n\t\t\t\t<div class=\"elementor-widget-container\">\n\t\t\t\t\t\t\t\t\t<p data-start=\"70\" data-end=\"647\"><b>Slapen midden in de ongerepte natuur van Patagoni\u00eb klinkt idyllisch \u2013 maar hoe gaat dat er \u00e9cht aan toe tijdens de beroemde W-trek in Torres del Paine? Deze iconische route staat bekend om haar ruige bergpieken, gletsjers en eindeloze uitzichten. Na een dag wandelen van zonsopkomst tot bijna zonsondergang is de vraag dan: waar kom je tot rust?\u00a0<\/b><b style=\"font-size: 1.125rem;\">Voor sommigen is er niets mooier dan in een tent kruipen, zo dicht mogelijk bij de natuur. Anderen geven toch de voorkeur aan een warm bed en een dak boven hun hoofd in \u00e9\u00e9n van de W trek refugios.\u00a0<\/b><\/p><p data-start=\"70\" data-end=\"647\">Zelf koos ik voor een mix van beide. In dit artikel vertel ik je meer over de refugio\u2019s langs de W-trek: wat je kunt verwachten \u00e9n hoe ik ze zelf heb ervaren.<\/p>\t\t\t\t\t\t\t\t<\/div>\n\t\t\t\t<\/div>\n\t\t\t\t\t<\/div>\n\t\t\t\t<\/div>\n\t\t<div class=\"elementor-element elementor-element-40f4316 e-flex e-con-boxed e-con e-parent\" data-id=\"40f4316\" data-element_type=\"container\" data-e-type=\"container\">\n\t\t\t\t\t<div class=\"e-con-inner\">\n\t\t\t\t<div class=\"elementor-element elementor-element-f104aee elementor-widget elementor-widget-heading\" data-id=\"f104aee\" data-element_type=\"widget\" data-e-type=\"widget\" data-widget_type=\"heading.default\">\n\t\t\t\t<div class=\"elementor-widget-container\">\n\t\t\t\t\t<h2 class=\"elementor-heading-title elementor-size-default\">Hoe ik mijn refugio\u2019s boekte voor de W trek \u2013 en wat ik onderweg leerde<\/h2>\t\t\t\t<\/div>\n\t\t\t\t<\/div>\n\t\t\t\t<div class=\"elementor-element elementor-element-fb9e2e2 elementor-widget elementor-widget-text-editor\" data-id=\"fb9e2e2\" data-element_type=\"widget\" data-e-type=\"widget\" data-widget_type=\"text-editor.default\">\n\t\t\t\t<div class=\"elementor-widget-container\">\n\t\t\t\t\t\t\t\t\t<p>De grootste moeilijkheid ondervond ik om de refugio&#8217;s te boeken. Op het internet las ik dat je eigenlijk van zodra de slaapplaatsen voor volgend jaar beschikbaar worden gemaakt, je direct moet boeken. Nu dat was niet het geval bij mij. Ik had het een maandje op voorhand gedaan. Toen was ik vol twijfel of het me nog zou lukken. De W trek was d\u00e9 reden waarom ik naar Chili ging en het onmachtige gevoel dat ik geen tickets zou vinden was allesoverheersend. Uiteindelijk had ik het geluk een website te vinden die tickets aanbood, naast de 2 offici\u00eble aanbieders.<\/p>\t\t\t\t\t\t\t\t<\/div>\n\t\t\t\t<\/div>\n\t\t\t\t<div class=\"elementor-element elementor-element-c89ea1a elementor-widget elementor-widget-heading\" data-id=\"c89ea1a\" data-element_type=\"widget\" data-e-type=\"widget\" data-widget_type=\"heading.default\">\n\t\t\t\t<div class=\"elementor-widget-container\">\n\t\t\t\t\t<h3 class=\"elementor-heading-title elementor-size-default\">De offici\u00eble aanbieders voor de W trek refugios<\/h3>\t\t\t\t<\/div>\n\t\t\t\t<\/div>\n\t\t\t\t<div class=\"elementor-element elementor-element-f47be45 elementor-widget elementor-widget-text-editor\" data-id=\"f47be45\" data-element_type=\"widget\" data-e-type=\"widget\" data-widget_type=\"text-editor.default\">\n\t\t\t\t<div class=\"elementor-widget-container\">\n\t\t\t\t\t\t\t\t\t<p data-start=\"113\" data-end=\"313\">In Torres del Paine zijn er twee organisaties die de refugio\u2019s beheren: Vertice en Las Torres. Ze beheren allebei een ander deel van het nationaal park. Wil je de volledige W trek wandelen, dan ontkom je er dus niet aan om refugios van beide organisaties te boeken.<span style=\"font-size: 1.125rem;\">\u00a0<\/span><span style=\"font-size: 1.125rem;\">Het lastige is dat ze elk een aparte website hebben. Daardoor wordt het boekingsproces soms best omslachtig: je springt voortdurend heen en weer om de juiste data en volgorde bij elkaar te puzzelen.\u00a0<\/span><\/p><p data-start=\"517\" data-end=\"648\">Om het wat overzichtelijker te maken, heb ik hieronder op een rij gezet welke aanbieder verantwoordelijk is voor welke refugio\u2019s:<\/p>\t\t\t\t\t\t\t\t<\/div>\n\t\t\t\t<\/div>\n\t\t\t\t<div class=\"elementor-element elementor-element-342215c elementor-widget elementor-widget-text-editor\" data-id=\"342215c\" data-element_type=\"widget\" data-e-type=\"widget\" data-widget_type=\"text-editor.default\">\n\t\t\t\t<div class=\"elementor-widget-container\">\n\t\t\t\t\t\t\t\t\t<table><thead data-start=\"74\" data-end=\"185\"><tr data-start=\"74\" data-end=\"185\"><th data-start=\"74\" data-end=\"97\" data-col-size=\"sm\">Aanbieder<\/th><th data-start=\"97\" data-end=\"125\" data-col-size=\"sm\">Locatie in het park<\/th><th data-start=\"125\" data-end=\"185\" data-col-size=\"md\">Refugio\u2019s \/ Hotel<\/th><\/tr><\/thead><\/table><table><tbody><tr data-start=\"299\" data-end=\"411\"><td data-start=\"299\" data-end=\"323\" data-col-size=\"sm\"><strong data-start=\"301\" data-end=\"322\">Vertice Patagonia<\/strong><\/td><td data-col-size=\"sm\" data-start=\"323\" data-end=\"351\">Westelijk deel<\/td><td data-col-size=\"md\" data-start=\"351\" data-end=\"411\">Refugio Grey, Refugio Paine Grande<\/td><\/tr><\/tbody><\/table><table><tbody><tr data-start=\"412\" data-end=\"558\"><td data-start=\"412\" data-end=\"439\" data-col-size=\"sm\"><strong data-start=\"414\" data-end=\"438\">Las Torres Patagonia<\/strong><\/td><td data-col-size=\"sm\" data-start=\"439\" data-end=\"468\">Centraal &amp; oostelijk deel<\/td><td data-col-size=\"md\" data-start=\"468\" data-end=\"558\">Refugio Franc\u00e9s, Refugio Cuernos, Refugio Chileno, Refugio Central, Hotel Las Torres<\/td><\/tr><\/tbody><\/table>\t\t\t\t\t\t\t\t<\/div>\n\t\t\t\t<\/div>\n\t\t\t\t\t<\/div>\n\t\t\t\t<\/div>\n\t\t<div class=\"elementor-element elementor-element-6d3c319 e-flex e-con-boxed e-con e-parent\" data-id=\"6d3c319\" data-element_type=\"container\" data-e-type=\"container\">\n\t\t\t\t\t<div class=\"e-con-inner\">\n\t\t\t\t<div class=\"elementor-element elementor-element-07da1e2 elementor-widget elementor-widget-image\" data-id=\"07da1e2\" data-element_type=\"widget\" data-e-type=\"widget\" data-widget_type=\"image.default\">\n\t\t\t\t<div class=\"elementor-widget-container\">\n\t\t\t\t\t\t\t\t\t\t\t\t\t\t\t<img fetchpriority=\"high\" decoding=\"async\" width=\"1024\" height=\"724\" src=\"https:\/\/my-w-trek.be\/wp-content\/uploads\/2025\/06\/W-trek-map-bus-wharton-1024x724.png\" class=\"attachment-large size-large wp-image-29\" alt=\"W trek refugios map\" srcset=\"https:\/\/my-w-trek.be\/wp-content\/uploads\/2025\/06\/W-trek-map-bus-wharton-1024x724.png 1024w, https:\/\/my-w-trek.be\/wp-content\/uploads\/2025\/06\/W-trek-map-bus-wharton-300x212.png 300w, https:\/\/my-w-trek.be\/wp-content\/uploads\/2025\/06\/W-trek-map-bus-wharton-768x543.png 768w, https:\/\/my-w-trek.be\/wp-content\/uploads\/2025\/06\/W-trek-map-bus-wharton-1536x1086.png 1536w, https:\/\/my-w-trek.be\/wp-content\/uploads\/2025\/06\/W-trek-map-bus-wharton.png 2000w\" sizes=\"(max-width: 1024px) 100vw, 1024px\" \/>\t\t\t\t\t\t\t\t\t\t\t\t\t\t\t<\/div>\n\t\t\t\t<\/div>\n\t\t\t\t<div class=\"elementor-element elementor-element-269bf8c elementor-widget elementor-widget-text-editor\" data-id=\"269bf8c\" data-element_type=\"widget\" data-e-type=\"widget\" data-widget_type=\"text-editor.default\">\n\t\t\t\t<div class=\"elementor-widget-container\">\n\t\t\t\t\t\t\t\t\t<p>Lees ook:\u00a0<a href=\"https:\/\/my-w-trek.be\/?p=21\">W trek refugios map: zo plan je je route<\/a><\/p>\t\t\t\t\t\t\t\t<\/div>\n\t\t\t\t<\/div>\n\t\t\t\t\t<\/div>\n\t\t\t\t<\/div>\n\t\t<div class=\"elementor-element elementor-element-bf1b4e5 e-flex e-con-boxed e-con e-parent\" data-id=\"bf1b4e5\" data-element_type=\"container\" data-e-type=\"container\">\n\t\t\t\t\t<div class=\"e-con-inner\">\n\t\t\t\t<div class=\"elementor-element elementor-element-910249a elementor-widget elementor-widget-heading\" data-id=\"910249a\" data-element_type=\"widget\" data-e-type=\"widget\" data-widget_type=\"heading.default\">\n\t\t\t\t<div class=\"elementor-widget-container\">\n\t\t\t\t\t<h2 class=\"elementor-heading-title elementor-size-default\">Alternatieven waar je W trek refugios kan boeken<\/h2>\t\t\t\t<\/div>\n\t\t\t\t<\/div>\n\t\t\t\t<div class=\"elementor-element elementor-element-f2a09be elementor-widget elementor-widget-text-editor\" data-id=\"f2a09be\" data-element_type=\"widget\" data-e-type=\"widget\" data-widget_type=\"text-editor.default\">\n\t\t\t\t<div class=\"elementor-widget-container\">\n\t\t\t\t\t\t\t\t\t<p><span style=\"font-size: 1.125rem;\">Uiteraard kan je de W trek in Patagoni\u00eb begeleid afleggen en dan heb je keuze tussen meerdere aanbieders en websites waarop je kan boeken. Maar als je de tocht zelfstandig wil doen, dan is er een handig alternatief dat ik ontdekte: Torres Hike. Zij combineren alle delen van het nationaal park waardoor je in \u00e9\u00e9n keer je hele route kan uitstippelen aangezien je meteen alle beschikbaarheden ziet. Enkel even je begindatum ingeven en je bent vertrokken. Zelf heb ik hiervan gebruik gemaakt en dat maakte het boeken een stuk overzichtelijker.\u00a0<\/span><\/p>\t\t\t\t\t\t\t\t<\/div>\n\t\t\t\t<\/div>\n\t\t\t\t<div class=\"elementor-element elementor-element-078ab49 elementor-widget elementor-widget-heading\" data-id=\"078ab49\" data-element_type=\"widget\" data-e-type=\"widget\" data-widget_type=\"heading.default\">\n\t\t\t\t<div class=\"elementor-widget-container\">\n\t\t\t\t\t<h2 class=\"elementor-heading-title elementor-size-default\">Alle W trek refugios in detail<\/h2>\t\t\t\t<\/div>\n\t\t\t\t<\/div>\n\t\t\t\t<div class=\"elementor-element elementor-element-d5e6f31 elementor-widget elementor-widget-heading\" data-id=\"d5e6f31\" data-element_type=\"widget\" data-e-type=\"widget\" data-widget_type=\"heading.default\">\n\t\t\t\t<div class=\"elementor-widget-container\">\n\t\t\t\t\t<h3 class=\"elementor-heading-title elementor-size-default\">Refugio Grey<\/h3>\t\t\t\t<\/div>\n\t\t\t\t<\/div>\n\t\t\t\t<div class=\"elementor-element elementor-element-910bcf3 elementor-widget elementor-widget-text-editor\" data-id=\"910bcf3\" data-element_type=\"widget\" data-e-type=\"widget\" data-widget_type=\"text-editor.default\">\n\t\t\t\t<div class=\"elementor-widget-container\">\n\t\t\t\t\t\t\t\t\t<p>Refugio Grey<span style=\"font-size: 1.125rem;\"> is een knusse berghut midden in de wilde natuur, op een steenworp van de machtige Grey-gletsjer.\u00a0<\/span><span style=\"font-size: 1.125rem;\">Vanuit deze refugio starten unieke avonturen: je kunt over de gletsjer zelf hiken met stijgijzers of met een kajak tussen de ronddrijvende ijsblokken peddelen (wel vooraf reserveren!).<\/span><\/p>\t\t\t\t\t\t\t\t<\/div>\n\t\t\t\t<\/div>\n\t\t\t\t<div class=\"elementor-element elementor-element-1b686e3 elementor-widget elementor-widget-heading\" data-id=\"1b686e3\" data-element_type=\"widget\" data-e-type=\"widget\" data-widget_type=\"heading.default\">\n\t\t\t\t<div class=\"elementor-widget-container\">\n\t\t\t\t\t<h2 class=\"elementor-heading-title elementor-size-default\">Refugio Paine Grande<\/h2>\t\t\t\t<\/div>\n\t\t\t\t<\/div>\n\t\t\t\t<div class=\"elementor-element elementor-element-55d94c2 elementor-widget elementor-widget-text-editor\" data-id=\"55d94c2\" data-element_type=\"widget\" data-e-type=\"widget\" data-widget_type=\"text-editor.default\">\n\t\t\t\t<div class=\"elementor-widget-container\">\n\t\t\t\t\t\t\t\t\t<p>Refugio Paine Grande ligt aan de oevers van Lago Peho\u00e9 en voelt bijna als een kleine berglodge. Zodra je arriveert, word je begroet door een spectaculair uitzicht op het turquoise meer, omlijst door de grillige bergpieken. De zonsondergang hier is adembenemend: de lucht kleurt rood en oranje terwijl de wind over het meer waait.\u00a0<span style=\"font-size: 1.125rem;\">Binnen is het levendig en drukker dan in veel andere refugio\u2019s: Paine Grande is groot en populair. Er is ook een klein winkeltje waar je snacks kan kopen + er is wifi tegen betaling.\u00a0<\/span><\/p>\t\t\t\t\t\t\t\t<\/div>\n\t\t\t\t<\/div>\n\t\t\t\t<div class=\"elementor-element elementor-element-8c1a96c elementor-widget elementor-widget-image\" data-id=\"8c1a96c\" data-element_type=\"widget\" data-e-type=\"widget\" data-widget_type=\"image.default\">\n\t\t\t\t<div class=\"elementor-widget-container\">\n\t\t\t\t\t\t\t\t\t\t\t\t\t\t\t<img decoding=\"async\" width=\"1024\" height=\"769\" data-src=\"https:\/\/my-w-trek.be\/wp-content\/uploads\/2025\/08\/IMG_20230328_080457-1024x769.jpg\" class=\"attachment-large size-large wp-image-109 lazyload\" alt=\"W trek refugios: Paine Grande\" data-srcset=\"https:\/\/my-w-trek.be\/wp-content\/uploads\/2025\/08\/IMG_20230328_080457-1024x769.jpg 1024w, https:\/\/my-w-trek.be\/wp-content\/uploads\/2025\/08\/IMG_20230328_080457-300x225.jpg 300w, https:\/\/my-w-trek.be\/wp-content\/uploads\/2025\/08\/IMG_20230328_080457-768x577.jpg 768w, https:\/\/my-w-trek.be\/wp-content\/uploads\/2025\/08\/IMG_20230328_080457-1536x1153.jpg 1536w, https:\/\/my-w-trek.be\/wp-content\/uploads\/2025\/08\/IMG_20230328_080457-2048x1538.jpg 2048w, https:\/\/my-w-trek.be\/wp-content\/uploads\/2025\/08\/IMG_20230328_080457-666x499.jpg 666w\" data-sizes=\"(max-width: 1024px) 100vw, 1024px\" src=\"data:image\/svg+xml;base64,PHN2ZyB3aWR0aD0iMSIgaGVpZ2h0PSIxIiB4bWxucz0iaHR0cDovL3d3dy53My5vcmcvMjAwMC9zdmciPjwvc3ZnPg==\" style=\"--smush-placeholder-width: 1024px; --smush-placeholder-aspect-ratio: 1024\/769;\" \/>\t\t\t\t\t\t\t\t\t\t\t\t\t\t\t<\/div>\n\t\t\t\t<\/div>\n\t\t\t\t<div class=\"elementor-element elementor-element-86381c4 elementor-widget elementor-widget-heading\" data-id=\"86381c4\" data-element_type=\"widget\" data-e-type=\"widget\" data-widget_type=\"heading.default\">\n\t\t\t\t<div class=\"elementor-widget-container\">\n\t\t\t\t\t<h2 class=\"elementor-heading-title elementor-size-default\">Refugio Franc\u00e9s<\/h2>\t\t\t\t<\/div>\n\t\t\t\t<\/div>\n\t\t\t\t<div class=\"elementor-element elementor-element-c2bb213 elementor-widget elementor-widget-text-editor\" data-id=\"c2bb213\" data-element_type=\"widget\" data-e-type=\"widget\" data-widget_type=\"text-editor.default\">\n\t\t\t\t<div class=\"elementor-widget-container\">\n\t\t\t\t\t\t\t\t\t<p data-start=\"77\" data-end=\"510\"><span style=\"font-size: 1.125rem;\">Dit is de meest bijzondere van de W trek refugios die ik ben tegengekomen. Het ligt verscholen in het groen, en op slechts een uurtje wandelen van de indrukwekkende Valle Franc\u00e9s. In plaats van een klassieke slaapzaal werken ze met domes: ronde tentachtige hutjes die je meteen een avontuurlijk gevoel geven. In elke dome slapen zo&#8217;n 8 mensen. Deze refugio vond ik het charmanste. Ook heeft elke dome zijn eigen douche. Er is daarnaast een grotere hut, maar die wordt gebruikt als eetruimte, een receptie waar je wifi kan kopen en als piepklein winkeltje waar je wat basisdingen zoals koekjes en snacks kan aanschaffen &#8211; ideaal als je nog wat extra energie nodig hebt.<\/span><\/p>\t\t\t\t\t\t\t\t<\/div>\n\t\t\t\t<\/div>\n\t\t\t\t<div class=\"elementor-element elementor-element-7bc97a0 elementor-widget elementor-widget-image\" data-id=\"7bc97a0\" data-element_type=\"widget\" data-e-type=\"widget\" data-widget_type=\"image.default\">\n\t\t\t\t<div class=\"elementor-widget-container\">\n\t\t\t\t\t\t\t\t\t\t\t\t\t\t\t<img decoding=\"async\" width=\"1024\" height=\"768\" data-src=\"https:\/\/my-w-trek.be\/wp-content\/uploads\/2025\/08\/IMG_20230329_082905-1024x768.jpg\" class=\"attachment-large size-large wp-image-110 lazyload\" alt=\"W trek refugio Franc\u00e9s\" data-srcset=\"https:\/\/my-w-trek.be\/wp-content\/uploads\/2025\/08\/IMG_20230329_082905-1024x768.jpg 1024w, https:\/\/my-w-trek.be\/wp-content\/uploads\/2025\/08\/IMG_20230329_082905-300x225.jpg 300w, https:\/\/my-w-trek.be\/wp-content\/uploads\/2025\/08\/IMG_20230329_082905-768x576.jpg 768w, https:\/\/my-w-trek.be\/wp-content\/uploads\/2025\/08\/IMG_20230329_082905-1536x1152.jpg 1536w, https:\/\/my-w-trek.be\/wp-content\/uploads\/2025\/08\/IMG_20230329_082905-2048x1536.jpg 2048w, https:\/\/my-w-trek.be\/wp-content\/uploads\/2025\/08\/IMG_20230329_082905-666x499.jpg 666w\" data-sizes=\"(max-width: 1024px) 100vw, 1024px\" src=\"data:image\/svg+xml;base64,PHN2ZyB3aWR0aD0iMSIgaGVpZ2h0PSIxIiB4bWxucz0iaHR0cDovL3d3dy53My5vcmcvMjAwMC9zdmciPjwvc3ZnPg==\" style=\"--smush-placeholder-width: 1024px; --smush-placeholder-aspect-ratio: 1024\/768;\" \/>\t\t\t\t\t\t\t\t\t\t\t\t\t\t\t<\/div>\n\t\t\t\t<\/div>\n\t\t\t\t<div class=\"elementor-element elementor-element-baed9b1 elementor-widget elementor-widget-heading\" data-id=\"baed9b1\" data-element_type=\"widget\" data-e-type=\"widget\" data-widget_type=\"heading.default\">\n\t\t\t\t<div class=\"elementor-widget-container\">\n\t\t\t\t\t<h2 class=\"elementor-heading-title elementor-size-default\">Refugio Cuernos<\/h2>\t\t\t\t<\/div>\n\t\t\t\t<\/div>\n\t\t\t\t<div class=\"elementor-element elementor-element-89384f3 elementor-widget elementor-widget-text-editor\" data-id=\"89384f3\" data-element_type=\"widget\" data-e-type=\"widget\" data-widget_type=\"text-editor.default\">\n\t\t\t\t<div class=\"elementor-widget-container\">\n\t\t\t\t\t\t\t\t\t<p>Hier heb ik zelf niet overnacht maar het ligt op 1 \u00e0 2 uurtjes wandelen van refugio Franc\u00e9s. Het is een kleinere maar gezellige refugio die op een heuvel ligt met vanonder lake Nordenskjold. Er zou hier ook betaalde wifi zijn en een klein winkeltje.\u00a0\u00a0<\/p>\t\t\t\t\t\t\t\t<\/div>\n\t\t\t\t<\/div>\n\t\t\t\t<div class=\"elementor-element elementor-element-e35865c elementor-widget elementor-widget-heading\" data-id=\"e35865c\" data-element_type=\"widget\" data-e-type=\"widget\" data-widget_type=\"heading.default\">\n\t\t\t\t<div class=\"elementor-widget-container\">\n\t\t\t\t\t<h2 class=\"elementor-heading-title elementor-size-default\">Refugio Chileno<\/h2>\t\t\t\t<\/div>\n\t\t\t\t<\/div>\n\t\t\t\t<div class=\"elementor-element elementor-element-151dad8 elementor-widget elementor-widget-text-editor\" data-id=\"151dad8\" data-element_type=\"widget\" data-e-type=\"widget\" data-widget_type=\"text-editor.default\">\n\t\t\t\t<div class=\"elementor-widget-container\">\n\t\t\t\t\t\t\t\t\t<p data-start=\"2164\" data-end=\"2431\">Refugio Chileno ligt diep in een vallei langs de rivier, op de route naar de beroemde torens (Las Torres). Het is een kleine, drukbezochte hut waar je meteen merkt dat veel wandelaars hier maar \u00e9\u00e9n doel hebben: vroeg opstaan om de zonsopkomst bij de torens te zien. Toen ik eraan kwam werd ik door de receptioniste direct ge\u00efnformeerd over de weersomstandigheden van de volgende dag: een prachtige zonnige dag met geen bewolking, vroeg opstaan was dus de boodschap!<\/p><p data-start=\"2433\" data-end=\"2750\">Het gebouw zelf is eenvoudig en vrij basic, maar de ligging maakt alles goed. \u2019s Avonds hoor je de rivier stromen en waait de wind door de bomen. Binnen is het krap maar gezellig: iedereen deelt verhalen over de klim van morgen en kruipt vroeg in bed.\u00a0<\/p><p data-start=\"2433\" data-end=\"2750\">Zelf heb ik hier in een tent geslapen (de meer luxe versie) in plaats van in de refugio. Ik wilde dit een keertje gedaan hebben en de laatste dag leek me daar ideaal voor. Ik ben blij dat ik het gedaan heb maar ik weet niet of ik het nog eens zou doen. Het was die nacht onder het vriespunt en helemaal alleen in een tent terwijl mijn gezicht best koud had was niet zo aangenaam. Het was toen wel al eind april.<\/p>\t\t\t\t\t\t\t\t<\/div>\n\t\t\t\t<\/div>\n\t\t\t\t<div class=\"elementor-element elementor-element-d08a6ff elementor-widget elementor-widget-image\" data-id=\"d08a6ff\" data-element_type=\"widget\" data-e-type=\"widget\" data-widget_type=\"image.default\">\n\t\t\t\t<div class=\"elementor-widget-container\">\n\t\t\t\t\t\t\t\t\t\t\t\t<figure class=\"wp-caption\">\n\t\t\t\t\t\t\t\t\t\t<img decoding=\"async\" width=\"1024\" height=\"683\" data-src=\"https:\/\/my-w-trek.be\/wp-content\/uploads\/2025\/08\/DSC_0526-1024x683.jpg\" class=\"attachment-large size-large wp-image-111 lazyload\" alt=\"De paarden die het eten naar refugio Chileno brachten\" data-srcset=\"https:\/\/my-w-trek.be\/wp-content\/uploads\/2025\/08\/DSC_0526-1024x683.jpg 1024w, https:\/\/my-w-trek.be\/wp-content\/uploads\/2025\/08\/DSC_0526-300x200.jpg 300w, https:\/\/my-w-trek.be\/wp-content\/uploads\/2025\/08\/DSC_0526-768x512.jpg 768w, https:\/\/my-w-trek.be\/wp-content\/uploads\/2025\/08\/DSC_0526-1536x1024.jpg 1536w, https:\/\/my-w-trek.be\/wp-content\/uploads\/2025\/08\/DSC_0526-2048x1365.jpg 2048w, https:\/\/my-w-trek.be\/wp-content\/uploads\/2025\/08\/DSC_0526-180x120.jpg 180w\" data-sizes=\"(max-width: 1024px) 100vw, 1024px\" src=\"data:image\/svg+xml;base64,PHN2ZyB3aWR0aD0iMSIgaGVpZ2h0PSIxIiB4bWxucz0iaHR0cDovL3d3dy53My5vcmcvMjAwMC9zdmciPjwvc3ZnPg==\" style=\"--smush-placeholder-width: 1024px; --smush-placeholder-aspect-ratio: 1024\/683;\" \/>\t\t\t\t\t\t\t\t\t\t\t<figcaption class=\"widget-image-caption wp-caption-text\">De paarden die het eten naar refugio Chileno brachten <\/figcaption>\n\t\t\t\t\t\t\t\t\t\t<\/figure>\n\t\t\t\t\t\t\t\t\t<\/div>\n\t\t\t\t<\/div>\n\t\t\t\t\t<\/div>\n\t\t\t\t<\/div>\n\t\t<div class=\"elementor-element elementor-element-4173cbb e-flex e-con-boxed e-con e-parent\" data-id=\"4173cbb\" data-element_type=\"container\" data-e-type=\"container\">\n\t\t\t\t\t<div class=\"e-con-inner\">\n\t\t\t\t<div class=\"elementor-element elementor-element-200854b elementor-widget elementor-widget-heading\" data-id=\"200854b\" data-element_type=\"widget\" data-e-type=\"widget\" data-widget_type=\"heading.default\">\n\t\t\t\t<div class=\"elementor-widget-container\">\n\t\t\t\t\t<h2 class=\"elementor-heading-title elementor-size-default\">Veel gestelde vragen over de W trek refugios in Torres del Paine<\/h2>\t\t\t\t<\/div>\n\t\t\t\t<\/div>\n\t\t\t\t<div class=\"elementor-element elementor-element-44bce04 elementor-widget elementor-widget-text-editor\" data-id=\"44bce04\" data-element_type=\"widget\" data-e-type=\"widget\" data-widget_type=\"text-editor.default\">\n\t\t\t\t<div class=\"elementor-widget-container\">\n\t\t\t\t\t\t\t\t\t<p data-start=\"88\" data-end=\"324\"><strong data-start=\"88\" data-end=\"123\">Is er warm water om te douchen?<\/strong><br data-start=\"123\" data-end=\"126\" \/>In bijna alle refugio\u2019s kon ik gewoon heerlijk warm douchen. In \u00e9\u00e9n geval was het water bij mij op, maar iemand anders vertelde dat zij w\u00e9l warm water had \u2013 het hangt dus een beetje van timing af.<\/p><p data-start=\"326\" data-end=\"630\"><strong data-start=\"326\" data-end=\"345\">Is er internet?<\/strong><br data-start=\"345\" data-end=\"348\" \/>De meeste refugio\u2019s bieden tegen betaling 4G aan. Dat gaat per minuut en is behoorlijk prijzig. Bovendien is de verbinding niet altijd even stabiel. Mijn tip: laat familie en vrienden thuis alvast weten dat je misschien een paar dagen niets van je laat horen \u2013 dat scheelt zorgen.<\/p><p data-start=\"326\" data-end=\"630\"><span style=\"font-size: 1.125rem;\" data-start=\"632\" data-end=\"669\"><b>Is er verwarming in de refugio\u2019s?<br \/><\/b><\/span><span style=\"font-size: 1.125rem;\">Ja. Zowel de gemeenschappelijke ruimtes als de slaapkamers zijn goed verwarmd. Na een dag hiken in de Patagonische wind voelt dat echt als een verademing.<\/span><\/p><p data-start=\"326\" data-end=\"630\"><span style=\"font-size: 1.125rem;\"><strong>Kan je maaltijden krijgen in de refugio&#8217;s?\u00a0<\/strong><br \/>Je kan maaltijden krijgen in de refugio&#8217;s. W\u00e9l moet je deze op voorhand reserveren. De maaltijden zijn ruim voldoende, zelfs voor de hongerigen onder ons. Je krijgt een voorgerecht, hoofdgerecht en dessert. De maaltijden zijn ook heel lekker. Zo krijg ik ergens zelfs een keer zalm met pasta. Ook ontbijt en een middagmaal om mee te nemen kan je boeken (op voorhand bij reservering van je accommodatie).<\/span><\/p>\t\t\t\t\t\t\t\t<\/div>\n\t\t\t\t<\/div>\n\t\t\t\t\t<\/div>\n\t\t\t\t<\/div>\n\t\t\t\t<\/div>\n\t\t","protected":false},"excerpt":{"rendered":"<p>Tijdens mijn 5-daagse tocht in Torres del Paine overnachtte in verschillende W trek refugios \u2013 van knusse domes tot berghutten. Wat te verwachten en hoe boeken.<\/p>\n","protected":false},"author":1,"featured_media":109,"comment_status":"open","ping_status":"open","sticky":false,"template":"","format":"standard","meta":{"footnotes":""},"categories":[20],"tags":[],"class_list":["post-95","post","type-post","status-publish","format-standard","has-post-thumbnail","hentry","category-informatie-w-trek"],"aioseo_notices":[],"_links":{"self":[{"href":"https:\/\/my-w-trek.be\/index.php?rest_route=\/wp\/v2\/posts\/95","targetHints":{"allow":["GET"]}}],"collection":[{"href":"https:\/\/my-w-trek.be\/index.php?rest_route=\/wp\/v2\/posts"}],"about":[{"href":"https:\/\/my-w-trek.be\/index.php?rest_route=\/wp\/v2\/types\/post"}],"author":[{"embeddable":true,"href":"https:\/\/my-w-trek.be\/index.php?rest_route=\/wp\/v2\/users\/1"}],"replies":[{"embeddable":true,"href":"https:\/\/my-w-trek.be\/index.php?rest_route=%2Fwp%2Fv2%2Fcomments&post=95"}],"version-history":[{"count":19,"href":"https:\/\/my-w-trek.be\/index.php?rest_route=\/wp\/v2\/posts\/95\/revisions"}],"predecessor-version":[{"id":117,"href":"https:\/\/my-w-trek.be\/index.php?rest_route=\/wp\/v2\/posts\/95\/revisions\/117"}],"wp:featuredmedia":[{"embeddable":true,"href":"https:\/\/my-w-trek.be\/index.php?rest_route=\/wp\/v2\/media\/109"}],"wp:attachment":[{"href":"https:\/\/my-w-trek.be\/index.php?rest_route=%2Fwp%2Fv2%2Fmedia&parent=95"}],"wp:term":[{"taxonomy":"category","embeddable":true,"href":"https:\/\/my-w-trek.be\/index.php?rest_route=%2Fwp%2Fv2%2Fcategories&post=95"},{"taxonomy":"post_tag","embeddable":true,"href":"https:\/\/my-w-trek.be\/index.php?rest_route=%2Fwp%2Fv2%2Ftags&post=95"}],"curies":[{"name":"wp","href":"https:\/\/api.w.org\/{rel}","templated":true}]}}